{"id":45565,"date":"2022-09-15T09:43:29","date_gmt":"2022-09-15T07:43:29","guid":{"rendered":"https:\/\/www.demomentsomtres.com\/2022\/09\/idiolectos-estilo-comunicativo-propio\/"},"modified":"2022-09-26T13:02:18","modified_gmt":"2022-09-26T11:02:18","slug":"idiolectos-estilo-comunicativo-propio","status":"publish","type":"post","link":"https:\/\/www.demomentsomtres.com\/es\/2022\/09\/idiolectos-estilo-comunicativo-propio\/","title":{"rendered":"Idiolectos: la importancia de tener un estilo propio"},"content":{"rendered":"\n<p>Un idiolecto es un t\u00e9rmino ling\u00fc\u00edstico que hace referencia a la variedad m\u00e1s peque\u00f1a en la que se puede concretar una lengua: el uso individual, la forma o estilo de hablar de cada hablante. <\/p>\n\n<p>F\u00edjate en las personas que te rodean: todas tienen una forma diferente de comunicarse. Hay voces m\u00e1s graves, m\u00e1s suaves, gente que utiliza expresiones m\u00e1s informales, m\u00e1s coloquiales\u2026 Pi\u00e9nsalo, \u00bfverdad que puedes prejuzgar a alguien sin conocerlo s\u00f3lo por c\u00f3mo se dirige a ti? Pues, con las empresas ocurre exactamente lo mismo.<\/p>\n\n<p>Por eso, en DeMomentSomTres utilizamos el concepto de \u201cidiolecto\u201d en el \u00e1mbito del marketing para hacer referencia al <strong>libro de estilo comunicativo de cada empresa<\/strong>: es un factor determinante a la hora de trazar la <strong>estrategia de branding o construcci\u00f3n de marca<\/strong> de cualquier cliente.<\/p>\n\n<h2 class=\"wp-block-heading\" id=\"0-un-univers-de-marca-ben-definit-\">Un universo de marca bien definido <\/h2>\n\n<p>Todas las empresas deben estar impulsadas por una historia de marca bien definida. Para establecer cu\u00e1les son los <strong>valores<\/strong> que mueven tu empresa al p\u00fablico es necesario que tengas clara la <strong>visi\u00f3n<\/strong>, la <strong>misi\u00f3n<\/strong> y los <strong>valores<\/strong> centrales.<\/p>\n\n<p>A la hora de construir tu marca y comunicar tus principios a los clientes, clientes potenciales, otros profesionales del sector o a cualquier segmento de p\u00fablico al que te dirijas debes tener en cuenta varios aspectos que se interrelacionan. <strong>El idiolecto siempre debe mantener la armon\u00eda<\/strong> con el resto:<\/p>\n\n<ol class=\"wp-block-list\"><li>Empezar la gu\u00eda de estilo partiendo de la historia de marca previamente definida.<\/li><li>Hacer uso de las directrices del logo para ser f\u00e1cilmente reconocido.<\/li><li>Incluir la gama de colores b\u00e1sica que engloba a la marca con consistencia.<\/li><li>Dictar la tipograf\u00eda y jerarqu\u00eda que sigue.<\/li><li>Definir el tono de voz, tu idiolecto.<\/li><li>Especificar las im\u00e1genes y la iconograf\u00eda que conforma tu estilo visual.<\/li><\/ol>\n\n<h2 class=\"wp-block-heading\" id=\"1-adquireix-personalitat-a-trav%C3%A9s-de-l%E2%80%99idiolecte-per-a-vendre-m%C3%A9s-i-millor\">Adquiere personalidad a trav\u00e9s del idiolecto para vender m\u00e1s y mejor<\/h2>\n\n<p>La definici\u00f3n del <strong>tono de voz<\/strong> suele subestimarse, pero su <strong>consistencia<\/strong> puede ser determinante a la hora de comunicarte con tu p\u00fablico. Como hemos visto, construir un <strong>universo de marca<\/strong> implica varios factores y \u00e9stos s\u00f3lo funcionan si est\u00e1n cohesionados y corresponden a una misma personalidad. De ah\u00ed nuestra predilecci\u00f3n para llamar idiolecto al estilo comunicativo de cada empresa.<\/p>\n\n<p>El idiolecto de tu empresa debe ir de la mano con el resto de elementos que conforman tu libro de estilo. Merece la pena invertir tiempo en definir qu\u00e9 vocabulario vas a utilizar, si te dirigir\u00e1s al p\u00fablico en singular o en plural, en segunda o tercera persona, etc.<\/p>\n\n<p>Cada vez que te comunicas, o bien, verbalmente, o por escrito, est\u00e1s reflejando la <strong>personalidad<\/strong> de tu empresa. Cada palabra influye en c\u00f3mo te perciben. Si lo haces bien, reforzar\u00e1s tu imagen y, en poco tiempo, podr\u00e1s presumir de un car\u00e1cter claramente definido. Pero si no est\u00e1s alerta, podr\u00edas confundir al p\u00fablico y acabar perdiendo muchos leads por falta de solidez.<\/p>\n\n<h3 class=\"wp-block-heading\" id=\"2-com-defineixo-l%E2%80%99idiolecte-ideal-per-la-meva-empresa\">\u00bfC\u00f3mo defino el idiolecto ideal para mi empresa?<\/h3>\n\n<p>Tienes que tener en cuenta qu\u00e9 <strong>\u00e1mbitos<\/strong> abarcas: pueden ser propuestas comerciales, contratos, comunicaciones a redes sociales, correos electr\u00f3nicos, presentaciones corporativas\u2026 Puedes encontrarte en infinitos contextos distintos.<\/p>\n\n<p><strong>Piensa en quien es tu audiencia<\/strong>. Conoce a tu <strong>p\u00fablico objetivo<\/strong> y se emp\u00e1tico. Dependiendo del contexto, puede variar, est\u00e1 claro. Quiz\u00e1s necesitas adaptar tu estilo comunicativo seg\u00fan convenga, ya que no es lo mismo redactar una publicaci\u00f3n en LinkedIn dirigida a contactos profesionalizados en tu sector que generar un eslogan para un cartel publicitario que se expondr\u00e1 en el centro de tu ciudad.<\/p>\n\n<p>Cuando hayas definido tu idiolecto, aseg\u00farate de replicarlo en todos los canales, <strong>s\u00e9 coherente y declaralo tuyo<\/strong>. De esta forma, te diferenciar\u00e1s entre la competencia y tus mensajes perdurar\u00e1n mucho m\u00e1s.<\/p>\n\n<p>Decidir c\u00f3mo quieres ser visto por tu p\u00fablico es una decisi\u00f3n muy importante, \u00a1pero no te agobies! <a href=\"https:\/\/www.demomentsomtres.com\/es\/equipo\/\">El equipo de DeMomentSomTres<\/a> podemos orientarte para dise\u00f1ar y mantener el idiolecto que encaja con tu empresa. <a href=\"https:\/\/www.demomentsomtres.com\/es\/contacto\/\">Contacta<\/a> con nosotros y hablemos.<\/p>\n","protected":false},"excerpt":{"rendered":"<p>La definici\u00f3n del tono de voz suele subestimarse, pero su consistencia puede ser determinante a la hora de comunicarte con tu p\u00fablico.<\/p>\n","protected":false},"author":9,"featured_media":45672,"comment_status":"open","ping_status":"closed","sticky":false,"template":"","format":"standard","meta":{"_acf_changed":false,"_et_pb_use_builder":"off","_et_pb_old_content":"","_et_gb_content_width":"","footnotes":""},"categories":[796,4332,812],"tags":[4020],"class_list":["post-45565","post","type-post","status-publish","format-standard","has-post-thumbnail","hentry","category-blog-comunicacion-marqueting","category-publicidad-digital","category-redes-sociales","tag-branding-es"],"acf":[],"_links":{"self":[{"href":"https:\/\/www.demomentsomtres.com\/es\/wp-json\/wp\/v2\/posts\/45565","targetHints":{"allow":["GET"]}}],"collection":[{"href":"https:\/\/www.demomentsomtres.com\/es\/wp-json\/wp\/v2\/posts"}],"about":[{"href":"https:\/\/www.demomentsomtres.com\/es\/wp-json\/wp\/v2\/types\/post"}],"author":[{"embeddable":true,"href":"https:\/\/www.demomentsomtres.com\/es\/wp-json\/wp\/v2\/users\/9"}],"replies":[{"embeddable":true,"href":"https:\/\/www.demomentsomtres.com\/es\/wp-json\/wp\/v2\/comments?post=45565"}],"version-history":[{"count":0,"href":"https:\/\/www.demomentsomtres.com\/es\/wp-json\/wp\/v2\/posts\/45565\/revisions"}],"wp:featuredmedia":[{"embeddable":true,"href":"https:\/\/www.demomentsomtres.com\/es\/wp-json\/wp\/v2\/media\/45672"}],"wp:attachment":[{"href":"https:\/\/www.demomentsomtres.com\/es\/wp-json\/wp\/v2\/media?parent=45565"}],"wp:term":[{"taxonomy":"category","embeddable":true,"href":"https:\/\/www.demomentsomtres.com\/es\/wp-json\/wp\/v2\/categories?post=45565"},{"taxonomy":"post_tag","embeddable":true,"href":"https:\/\/www.demomentsomtres.com\/es\/wp-json\/wp\/v2\/tags?post=45565"}],"curies":[{"name":"wp","href":"https:\/\/api.w.org\/{rel}","templated":true}]}}