{"id":38751,"date":"2020-05-29T00:18:39","date_gmt":"2020-05-28T22:18:39","guid":{"rendered":"https:\/\/www.demomentsomtres.com\/?p=38751"},"modified":"2020-05-29T00:36:14","modified_gmt":"2020-05-28T22:36:14","slug":"video-marketing-instagram","status":"publish","type":"post","link":"https:\/\/www.demomentsomtres.com\/es\/2020\/05\/video-marketing-instagram\/","title":{"rendered":"El v\u00eddeo marketing en Instagram"},"content":{"rendered":"\n<p><span style=\"font-weight: 400;\">La funci\u00f3n principal de <strong>Instagram<\/strong> es poder compartir fotograf\u00edas y v\u00eddeos, por lo cual se caracteriza por ser una <strong>aplicaci\u00f3n muy visual.\u00a0<\/strong><\/span><span style=\"font-weight: 400;\">Una de las claves principales para una <strong>buena estrategia<\/strong> de contenidos con Instagram es <strong>incorporar v\u00eddeos y sacarle el m\u00e1ximo provecho.&#13;\n<\/strong><\/span><span style=\"font-weight: 400;\">En este post te vamos a guiar para que aprendas a subir v\u00eddeos en Instagram.\u00a0 \u00a1Empecemos!<\/span><\/p>\n\n<h2 class=\"wp-block-heading\">Historias de Instagram<\/h2>\n\n<p><span style=\"font-weight: 400;\">Las <strong>historias de Instagram<\/strong> son publicaciones de <strong>corta duraci\u00f3n<\/strong> que suelen estar <strong>visibles durante 24 horas.<\/strong> Eso las hace ideales para crear anuncios concretos de tu empresa o promover nuevos productos o contenidos de tu web.<\/span><\/p>\n\n<p><b>Recomendaciones t\u00e9cnicas:<\/b><\/p>\n\n<ul class=\"wp-block-list\"><li>Dimensi\u00f3n: vertical (1080 x 1920 o 600 x 1067)<\/li><li>Duraci\u00f3n m\u00e1xima: 15 segundos<\/li><li>Relaci\u00f3n de aspecto: 9:16<\/li><li>Tama\u00f1o m\u00e1ximo: 4GB\u00a0<\/li><li>Tipo de archivo: MP4 o MOV<\/li><\/ul>\n\n<h3 class=\"wp-block-heading\">\u00bfC\u00f3mo publico un v\u00eddeo en la historia de Instagram?<\/h3>\n\n<p><span style=\"font-weight: 400;\">Para subir una historia, primero toca el icono de la c\u00e1mara<\/span> <img decoding=\"async\" class=\"wp-image-38656 alignnone size-full\" src=\"https:\/\/www.demomentsomtres.com\/wp-content\/uploads\/2020\/05\/camara.jpg\" alt=\"hist&#xF2;ria a Instagram\" width=\"26\" height=\"26\" title=\"\"><span style=\"font-weight: 400;\">en la\u00a0 parte superior izquierda de la pantalla:<\/span><\/p>\n\n<ul class=\"wp-block-list\"><li>Para subir un v\u00eddeo desde la videoteca del tel\u00e9fono, toca la parte derecha inferior y selecciona el v\u00eddeo que quieras compartir.<\/li><li><span style=\"font-weight: 400;\">Para grabar un v\u00eddeo, toca y mant\u00e9n pulsado<\/span><img decoding=\"async\" class=\"wp-image-38660 alignnone size-full\" src=\"https:\/\/www.demomentsomtres.com\/wp-content\/uploads\/2020\/05\/grabar.jpg\" alt=\"story Instagram\" width=\"20\" height=\"23\" title=\"\"> <span style=\"font-weight: 400;\">ara empezar a grabar; levanta el dedo para detener la grabaci\u00f3n. Puedes tocar y mantener pulsado de nuevo para grabar varios clips de v\u00eddeo y tocar<\/span> <img decoding=\"async\" class=\"wp-image-38664 alignnone size-full\" src=\"https:\/\/www.demomentsomtres.com\/wp-content\/uploads\/2020\/05\/cambio-camara.jpg\" alt=\"story instagram\" width=\"25\" height=\"26\" title=\"\">\u00a0<span style=\"font-weight: 400;\">para cambiar entre c\u00e1maras.<\/span><\/li><li>Recuerda:\u00a0La duraci\u00f3n m\u00e1xima es de 15 segundos.<\/li><\/ul>\n\n<div class=\"wp-block-columns is-layout-flex wp-container-core-columns-is-layout-9d6595d7 wp-block-columns-is-layout-flex\">\n<div class=\"wp-block-column is-layout-flow wp-block-column-is-layout-flow\">\n<div class=\"wp-block-image\"><figure class=\"alignright size-large is-resized\"><img decoding=\"async\" src=\"https:\/\/www.demomentsomtres.com\/wp-content\/uploads\/2020\/05\/video-story-instagram-1-576x1024.jpg\" alt=\"V&#xED;deo story Instagram\" class=\"wp-image-38692\" width=\"249\" height=\"442\" title=\"\"><figcaption>Aplicaci\u00f3n m\u00f3vil de <a href=\"https:\/\/help.instagram.com\/456185931138729\" target=\"_blank\" rel=\"noopener\">Instagram<\/a><\/figcaption><\/figure><\/div>\n<\/div>\n\n\n\n<div class=\"wp-block-column is-layout-flow wp-block-column-is-layout-flow\">\n<div class=\"wp-block-image\"><figure class=\"aligncenter size-large is-resized\"><img decoding=\"async\" src=\"https:\/\/www.demomentsomtres.com\/wp-content\/uploads\/2020\/05\/video-story-instagram-2-576x1024.jpg\" alt=\"V&#xED;deo story Instagram\" class=\"wp-image-38696\" width=\"252\" height=\"448\" title=\"\"><\/figure><\/div>\n<\/div>\n\n\n\n<div class=\"wp-block-column is-layout-flow wp-block-column-is-layout-flow\">\n<div class=\"wp-block-image\"><figure class=\"alignleft size-large is-resized\"><img decoding=\"async\" src=\"https:\/\/www.demomentsomtres.com\/wp-content\/uploads\/2020\/05\/video-story-instagram-3-576x1024.jpg\" alt=\"V&#xED;deo story Instagram\" class=\"wp-image-38700\" width=\"255\" height=\"453\" title=\"\"><\/figure><\/div>\n<\/div>\n<\/div>\n\n<h2 class=\"wp-block-heading\">V\u00eddeo en el feed de tu cuenta<\/h2>\n\n<p><span style=\"font-weight: 400;\">El <strong>feed de Instagram<\/strong> es lo ver\u00e1n los usuarios al entrar en tu <strong>perfil<\/strong>. A diferencia de las historias, estos tienen una <strong>duraci\u00f3n m\u00e1xima de hasta 60 segundos.<\/strong><\/span><\/p>\n\n<p><b>Recomendaciones t\u00e9cnicas:<\/b><\/p>\n\n<ul class=\"wp-block-list\"><li>Dimensi\u00f3n recomendada: cuadrada: 1080 x 1080 o 600 x 600<\/li><li>Otras dimensiones:<ul><li>Panor\u00e1mica:  600 x 315<\/li><li>Vertical: 600 x 750<\/li><\/ul><\/li><li>Duraci\u00f3n m\u00e1xima: 60 segundos<\/li><li>Relaci\u00f3n de aspecto: utilitza la que mejor se adapte a tu contenido de v\u00eddeo.<ul><li>Cuadrada: 1:1<\/li><li>Panor\u00e1mica: 1.91:1<\/li><li>Vertical: 4:5<\/li><\/ul><\/li><li>Tama\u00f1o m\u00e1ximo: 4GB\u00a0<\/li><\/ul>\n\n<h3 class=\"wp-block-heading\">\u00bfC\u00f3mo publico un v\u00eddeo en el feed de Instagram?<\/h3>\n\n<p><span style=\"font-weight: 400;\">Para subir un v\u00eddeo o grabar uno nuevo, primero toca<\/span> <img decoding=\"async\" class=\"wp-image-38668 alignnone size-full\" src=\"https:\/\/www.demomentsomtres.com\/wp-content\/uploads\/2020\/05\/unnamed-file.jpg\" alt=\"V&#xED;deo per Instagram\" width=\"24\" height=\"21\" title=\"\"><span style=\"font-weight: 400;\">en la parte inferior de la pantalla:<\/span><\/p>\n\n<ul class=\"wp-block-list\"><li>Para subir un v\u00eddeo desde la videoteca del tel\u00e9fono, toca Biblioteca (iPhone) o Galer\u00eda (Android) en la parte inferior de la pantalla y selecciona el v\u00eddeo que quieras compartir.<\/li><li><span style=\"font-weight: 400;\">Para grabar un v\u00eddeo, toca y mant\u00e9n pulsado<\/span><img decoding=\"async\" class=\"wp-image-38660 alignnone size-full\" src=\"https:\/\/www.demomentsomtres.com\/wp-content\/uploads\/2020\/05\/grabar.jpg\" alt=\"story Instagram\" width=\"20\" height=\"23\" title=\"\"> <span style=\"font-weight: 400;\">ara empezar a grabar; levanta el dedo para detener la grabaci\u00f3n. Puedes tocar y mantener pulsado de nuevo para grabar varios clips de v\u00eddeo y tocar<\/span> <img decoding=\"async\" class=\"wp-image-38664 alignnone size-full\" src=\"https:\/\/www.demomentsomtres.com\/wp-content\/uploads\/2020\/05\/cambio-camara.jpg\" alt=\"story instagram\" width=\"25\" height=\"26\" title=\"\">\u00a0<span style=\"font-weight: 400;\">para cambiar entre c\u00e1maras.<\/span><\/li><li>Recuerda:\u00a0<ul><li><b>\u00a1Elige la foto de portada del v\u00eddeo!<\/b><\/li><li>La duraci\u00f3n m\u00e1xima es de 60 segundos<\/li><li>Puedes programar las publicaciones desde <a href=\"https:\/\/www.demomentsomtres.com\/es\/facebook-creator-studio\/\">Facebook Studio Creator<\/a>.<\/li><\/ul><\/li><\/ul>\n\n<div class=\"wp-block-columns is-layout-flex wp-container-core-columns-is-layout-9d6595d7 wp-block-columns-is-layout-flex\">\n<div class=\"wp-block-column is-layout-flow wp-block-column-is-layout-flow\">\n<div class=\"wp-block-image\"><figure class=\"alignright size-large is-resized\"><img decoding=\"async\" src=\"https:\/\/www.demomentsomtres.com\/wp-content\/uploads\/2020\/05\/video-feed-instagram-1-576x1024.jpg\" alt=\"V&#xED;deo feed Instagram\" class=\"wp-image-38676\" width=\"245\" height=\"435\" title=\"\"><\/figure><\/div>\n\n\n\n<p><\/p>\n<\/div>\n\n\n\n<div class=\"wp-block-column is-layout-flow wp-block-column-is-layout-flow\">\n<figure class=\"wp-block-image size-large is-resized\"><img decoding=\"async\" src=\"https:\/\/www.demomentsomtres.com\/wp-content\/uploads\/2020\/05\/video-feed-instagram-4-576x1024.jpg\" alt=\"V&#xED;deo feed Instagram\" class=\"wp-image-38688\" width=\"251\" height=\"446\" title=\"\"><\/figure>\n\n\n\n<p><\/p>\n<\/div>\n<\/div>\n\n<h2 class=\"wp-block-heading\">V\u00eddeo en Instagram TV (IGTV)<\/h2>\n\n<p><span style=\"font-weight: 400;\"><strong>Instagram TV<\/strong> es una especie de canal de televisi\u00f3n integrado en la red social, donde los usuarios pueden consumir <strong>contenidos en v\u00eddeo m\u00e1s largos<\/strong>, ya que permite subir v\u00eddeos de <strong>hasta 15 minutos mediante la aplicaci\u00f3n m\u00f3vil, o 1 hora si usamos la versi\u00f3n web.<\/strong> Adem\u00e1s, no desaparecen como las historias, sino que permanecen en el canal del usuario.<\/span><\/p>\n\n<p><b>Recomendaciones t\u00e9cnicas:<\/b><\/p>\n\n<ul class=\"wp-block-list\"><li>Dimensi\u00f3n recomendada: vertical (1080 x 1920)<\/li><li>Otras dimensiones: panor\u00e1mica (1920 x 1080)<\/li><li>Relaci\u00f3n de aspecto: vertical (9:16) o panor\u00e1mica (16:9)<\/li><li>Duraci\u00f3n m\u00ednima: 1 minuto<\/li><li>Duraci\u00f3n m\u00e1xima:<ul><li>Aplicaci\u00f3n m\u00f3vil: 15 minutos<\/li><li>Web: 1 hora<\/li><\/ul><\/li><\/ul>\n\n<h3 class=\"wp-block-heading\">\u00bfC\u00f3mo publico un v\u00eddeo en IGTV?<\/h3>\n\n<p><span style=\"font-weight: 400;\">Para subir un v\u00eddeo o grabar uno nuevo, primero toca<\/span> <img decoding=\"async\" class=\"wp-image-38668 alignnone size-full\" src=\"https:\/\/www.demomentsomtres.com\/wp-content\/uploads\/2020\/05\/unnamed-file.jpg\" alt=\"V&#xED;deo per Instagram\" width=\"24\" height=\"21\" title=\"\"><span style=\"font-weight: 400;\">en la parte inferior de la pantalla:<\/span><\/p>\n\n<ul class=\"wp-block-list\"><li>Para subir un v\u00eddeo desde la videoteca del tel\u00e9fono, toca Biblioteca (iPhone) o Galer\u00eda (Android) en la parte inferior de la pantalla y selecciona el v\u00eddeo que quieras compartir.<\/li><li>Seleccionar la opci\u00f3n de \u201cv\u00eddeo largo\u201d para poder compartir en IGTV un v\u00eddeo que tenga una duraci\u00f3n de 60 segundos como m\u00ednimo.<\/li><li>Pon un t\u00edtulo y una descripci\u00f3n que complementen el v\u00eddeo que quieres subir a IGTV.<\/li><li>Tienes la opci\u00f3n de publicar una vista previa del v\u00eddeo en tu feed de Instagram o perfil.<\/li><li>Por \u00faltimo, clica en \u201cpublicar\u201d. <\/li><li>Recuerda:\u00a0<ul><li><b>\u00a1Elige la foto de portada del v\u00eddeo!<\/b><\/li><li>La duraci\u00f3n m\u00e1xima es de 60 segundos<\/li><\/ul><\/li><\/ul>\n\n<div class=\"wp-block-columns is-layout-flex wp-container-core-columns-is-layout-9d6595d7 wp-block-columns-is-layout-flex\">\n<div class=\"wp-block-column is-layout-flow wp-block-column-is-layout-flow\">\n<div class=\"wp-block-image\"><figure class=\"alignright size-large is-resized\"><img decoding=\"async\" src=\"https:\/\/www.demomentsomtres.com\/wp-content\/uploads\/2020\/05\/post-instagram-576x1024.jpg\" alt=\"IGTV\" class=\"wp-image-38704\" width=\"264\" height=\"468\" title=\"\"><\/figure><\/div>\n<\/div>\n\n\n\n<div class=\"wp-block-column is-layout-flow wp-block-column-is-layout-flow\">\n<figure class=\"wp-block-image size-large is-resized\"><img decoding=\"async\" src=\"https:\/\/www.demomentsomtres.com\/wp-content\/uploads\/2020\/05\/video-feed-instagram-4-576x1024.jpg\" alt=\"V&#xED;deo feed Instagram\" class=\"wp-image-38688\" width=\"263\" height=\"467\" title=\"\"><\/figure>\n<\/div>\n<\/div>\n\n<p><span style=\"font-weight: 400;\">Estos son los aspectos m\u00e1s b\u00e1sicos para subir un v\u00eddeo en Instagram,<\/span><span style=\"font-weight: 400;\">\u00a0si quieres ir m\u00e1s all\u00e1 <a href=\"https:\/\/www.demomentsomtres.com\/es\/contacto\/\">contacta con nosotros.<\/a><\/span><\/p>\n","protected":false},"excerpt":{"rendered":"<p>Una buena estrategia de contenidos en Instagram es incorporar v\u00eddeos y sacarle el m\u00e1ximo provecho. En este post te guiaremos para que aprendas a subir v\u00eddeos en diferentes formatos. <\/p>\n","protected":false},"author":10,"featured_media":38715,"comment_status":"open","ping_status":"closed","sticky":false,"template":"","format":"standard","meta":{"_acf_changed":false,"_et_pb_use_builder":"off","_et_pb_old_content":"","_et_gb_content_width":"","footnotes":""},"categories":[796,812],"tags":[986],"class_list":["post-38751","post","type-post","status-publish","format-standard","has-post-thumbnail","hentry","category-blog-comunicacion-marqueting","category-redes-sociales","tag-instagram-es"],"acf":[],"_links":{"self":[{"href":"https:\/\/www.demomentsomtres.com\/es\/wp-json\/wp\/v2\/posts\/38751","targetHints":{"allow":["GET"]}}],"collection":[{"href":"https:\/\/www.demomentsomtres.com\/es\/wp-json\/wp\/v2\/posts"}],"about":[{"href":"https:\/\/www.demomentsomtres.com\/es\/wp-json\/wp\/v2\/types\/post"}],"author":[{"embeddable":true,"href":"https:\/\/www.demomentsomtres.com\/es\/wp-json\/wp\/v2\/users\/10"}],"replies":[{"embeddable":true,"href":"https:\/\/www.demomentsomtres.com\/es\/wp-json\/wp\/v2\/comments?post=38751"}],"version-history":[{"count":0,"href":"https:\/\/www.demomentsomtres.com\/es\/wp-json\/wp\/v2\/posts\/38751\/revisions"}],"wp:featuredmedia":[{"embeddable":true,"href":"https:\/\/www.demomentsomtres.com\/es\/wp-json\/wp\/v2\/media\/38715"}],"wp:attachment":[{"href":"https:\/\/www.demomentsomtres.com\/es\/wp-json\/wp\/v2\/media?parent=38751"}],"wp:term":[{"taxonomy":"category","embeddable":true,"href":"https:\/\/www.demomentsomtres.com\/es\/wp-json\/wp\/v2\/categories?post=38751"},{"taxonomy":"post_tag","embeddable":true,"href":"https:\/\/www.demomentsomtres.com\/es\/wp-json\/wp\/v2\/tags?post=38751"}],"curies":[{"name":"wp","href":"https:\/\/api.w.org\/{rel}","templated":true}]}}